{"id":1647,"date":"2026-02-06T17:42:08","date_gmt":"2026-02-06T17:42:08","guid":{"rendered":"https:\/\/www.frehel.org\/sejourslinguistiques\/?p=1647"},"modified":"2026-02-06T17:42:08","modified_gmt":"2026-02-06T17:42:08","slug":"french-courses","status":"publish","type":"post","link":"https:\/\/www.frehel.org\/sejourslinguistiques\/2026\/02\/06\/french-courses\/","title":{"rendered":"French courses"},"content":{"rendered":"\n<p><br>We offer courses that match your own interests and your goals. COURSES: During our first (online) meeting the following questions will be asked: number of course taught, start Date, number of students, type of program, materials, your personal wishes, number of course participants and rates<\/p>\n\n\n\n<h3 class=\"wp-block-heading\">The learning method<\/h3>\n\n\n\n<p>The learning method is based on teaching materials that suit you. We do not work with conventional text-books. The course material is selected according to your needs!&nbsp;Courses can focus on language and terms relevant to your field. Repeating words until sentence structure becomes&nbsp;automatic,&nbsp;is a part of the method. Because of the many conversations, the grammar rules become more and more logical. We will talk, read and listen a lot. You will create perfect sentences in a few hours.&nbsp;<\/p>\n\n\n\n<p>The level of students is determined by a written or\/and oral test. Following this test, we will choose&nbsp;the course that suits your level.<\/p>\n\n\n\n<h2 class=\"wp-block-heading\">Teacher<\/h2>\n\n\n\n<p><br>Your teacher I am a native French speaker. I have taught French since 2007 to non-speakers. In 2013, after six years of working as a French teacher in a number of language institutes\u00a0in the Netherlands, I decided to work as an independent teacher. PROFESSIONAL SKILLS Click here for my references<\/p>\n","protected":false},"excerpt":{"rendered":"<p>We offer courses that match your own interests and your goals. COURSES: During our first (online) meeting the following questions will be asked: number of course taught, start Date, number of students, type of program, materials, your personal wishes, number of course participants and rates The learning method The learning method is based on teaching &#8230; <a title=\"French courses\" class=\"read-more\" href=\"https:\/\/www.frehel.org\/sejourslinguistiques\/2026\/02\/06\/french-courses\/\" aria-label=\"En savoir plus sur French courses\">Lire la suite<\/a><\/p>\n","protected":false},"author":2,"featured_media":0,"comment_status":"open","ping_status":"open","sticky":false,"template":"","format":"standard","meta":{"footnotes":""},"categories":[1],"tags":[],"class_list":["post-1647","post","type-post","status-publish","format-standard","hentry","category-uncategorized"],"yoast_head":"<!-- This site is optimized with the Yoast SEO plugin v25.8 - https:\/\/yoast.com\/wordpress\/plugins\/seo\/ -->\n<title>French courses - Chez-Vlot Frans<\/title>\n<meta name=\"robots\" content=\"index, follow, max-snippet:-1, max-image-preview:large, max-video-preview:-1\" \/>\n<link rel=\"canonical\" href=\"https:\/\/www.frehel.org\/sejourslinguistiques\/2026\/02\/06\/french-courses\/\" \/>\n<meta property=\"og:locale\" content=\"fr_FR\" \/>\n<meta property=\"og:type\" content=\"article\" \/>\n<meta property=\"og:title\" content=\"French courses - Chez-Vlot Frans\" \/>\n<meta property=\"og:description\" content=\"We offer courses that match your own interests and your goals. COURSES: During our first (online) meeting the following questions will be asked: number of course taught, start Date, number of students, type of program, materials, your personal wishes, number of course participants and rates The learning method The learning method is based on teaching ... Lire la suite\" \/>\n<meta property=\"og:url\" content=\"https:\/\/www.frehel.org\/sejourslinguistiques\/2026\/02\/06\/french-courses\/\" \/>\n<meta property=\"og:site_name\" content=\"Chez-Vlot Frans\" \/>\n<meta property=\"article:published_time\" content=\"2026-02-06T17:42:08+00:00\" \/>\n<meta name=\"author\" content=\"florence\" \/>\n<meta name=\"twitter:card\" content=\"summary_large_image\" \/>\n<meta name=\"twitter:label1\" content=\"\u00c9crit par\" \/>\n\t<meta name=\"twitter:data1\" content=\"florence\" \/>\n\t<meta name=\"twitter:label2\" content=\"Dur\u00e9e de lecture estim\u00e9e\" \/>\n\t<meta name=\"twitter:data2\" content=\"1 minute\" \/>\n<script type=\"application\/ld+json\" class=\"yoast-schema-graph\">{\"@context\":\"https:\/\/schema.org\",\"@graph\":[{\"@type\":\"WebPage\",\"@id\":\"https:\/\/www.frehel.org\/sejourslinguistiques\/2026\/02\/06\/french-courses\/\",\"url\":\"https:\/\/www.frehel.org\/sejourslinguistiques\/2026\/02\/06\/french-courses\/\",\"name\":\"French courses - Chez-Vlot Frans\",\"isPartOf\":{\"@id\":\"https:\/\/www.frehel.org\/sejourslinguistiques\/#website\"},\"datePublished\":\"2026-02-06T17:42:08+00:00\",\"author\":{\"@id\":\"https:\/\/www.frehel.org\/sejourslinguistiques\/#\/schema\/person\/0f9ebe58b6d7e8eee563ad92ba0beb3c\"},\"breadcrumb\":{\"@id\":\"https:\/\/www.frehel.org\/sejourslinguistiques\/2026\/02\/06\/french-courses\/#breadcrumb\"},\"inLanguage\":\"fr-FR\",\"potentialAction\":[{\"@type\":\"ReadAction\",\"target\":[\"https:\/\/www.frehel.org\/sejourslinguistiques\/2026\/02\/06\/french-courses\/\"]}]},{\"@type\":\"BreadcrumbList\",\"@id\":\"https:\/\/www.frehel.org\/sejourslinguistiques\/2026\/02\/06\/french-courses\/#breadcrumb\",\"itemListElement\":[{\"@type\":\"ListItem\",\"position\":1,\"name\":\"Accueil\",\"item\":\"https:\/\/www.frehel.org\/sejourslinguistiques\/\"},{\"@type\":\"ListItem\",\"position\":2,\"name\":\"French courses\"}]},{\"@type\":\"WebSite\",\"@id\":\"https:\/\/www.frehel.org\/sejourslinguistiques\/#website\",\"url\":\"https:\/\/www.frehel.org\/sejourslinguistiques\/\",\"name\":\"Chez-Vlot Frans\",\"description\":\"S\u00e9jours linguistiques immersifs en Bretagne\",\"potentialAction\":[{\"@type\":\"SearchAction\",\"target\":{\"@type\":\"EntryPoint\",\"urlTemplate\":\"https:\/\/www.frehel.org\/sejourslinguistiques\/?s={search_term_string}\"},\"query-input\":{\"@type\":\"PropertyValueSpecification\",\"valueRequired\":true,\"valueName\":\"search_term_string\"}}],\"inLanguage\":\"fr-FR\"},{\"@type\":\"Person\",\"@id\":\"https:\/\/www.frehel.org\/sejourslinguistiques\/#\/schema\/person\/0f9ebe58b6d7e8eee563ad92ba0beb3c\",\"name\":\"florence\",\"image\":{\"@type\":\"ImageObject\",\"inLanguage\":\"fr-FR\",\"@id\":\"https:\/\/www.frehel.org\/sejourslinguistiques\/#\/schema\/person\/image\/\",\"url\":\"https:\/\/secure.gravatar.com\/avatar\/5f6de443e5ed7c7401411e13310fbbd7d1ab2139ed6399ebeedc40eca7dea246?s=96&d=mm&r=g\",\"contentUrl\":\"https:\/\/secure.gravatar.com\/avatar\/5f6de443e5ed7c7401411e13310fbbd7d1ab2139ed6399ebeedc40eca7dea246?s=96&d=mm&r=g\",\"caption\":\"florence\"},\"url\":\"https:\/\/www.frehel.org\/sejourslinguistiques\/author\/florence\/\"}]}<\/script>\n<!-- \/ Yoast SEO plugin. -->","yoast_head_json":{"title":"French courses - Chez-Vlot Frans","robots":{"index":"index","follow":"follow","max-snippet":"max-snippet:-1","max-image-preview":"max-image-preview:large","max-video-preview":"max-video-preview:-1"},"canonical":"https:\/\/www.frehel.org\/sejourslinguistiques\/2026\/02\/06\/french-courses\/","og_locale":"fr_FR","og_type":"article","og_title":"French courses - Chez-Vlot Frans","og_description":"We offer courses that match your own interests and your goals. COURSES: During our first (online) meeting the following questions will be asked: number of course taught, start Date, number of students, type of program, materials, your personal wishes, number of course participants and rates The learning method The learning method is based on teaching ... Lire la suite","og_url":"https:\/\/www.frehel.org\/sejourslinguistiques\/2026\/02\/06\/french-courses\/","og_site_name":"Chez-Vlot Frans","article_published_time":"2026-02-06T17:42:08+00:00","author":"florence","twitter_card":"summary_large_image","twitter_misc":{"\u00c9crit par":"florence","Dur\u00e9e de lecture estim\u00e9e":"1 minute"},"schema":{"@context":"https:\/\/schema.org","@graph":[{"@type":"WebPage","@id":"https:\/\/www.frehel.org\/sejourslinguistiques\/2026\/02\/06\/french-courses\/","url":"https:\/\/www.frehel.org\/sejourslinguistiques\/2026\/02\/06\/french-courses\/","name":"French courses - Chez-Vlot Frans","isPartOf":{"@id":"https:\/\/www.frehel.org\/sejourslinguistiques\/#website"},"datePublished":"2026-02-06T17:42:08+00:00","author":{"@id":"https:\/\/www.frehel.org\/sejourslinguistiques\/#\/schema\/person\/0f9ebe58b6d7e8eee563ad92ba0beb3c"},"breadcrumb":{"@id":"https:\/\/www.frehel.org\/sejourslinguistiques\/2026\/02\/06\/french-courses\/#breadcrumb"},"inLanguage":"fr-FR","potentialAction":[{"@type":"ReadAction","target":["https:\/\/www.frehel.org\/sejourslinguistiques\/2026\/02\/06\/french-courses\/"]}]},{"@type":"BreadcrumbList","@id":"https:\/\/www.frehel.org\/sejourslinguistiques\/2026\/02\/06\/french-courses\/#breadcrumb","itemListElement":[{"@type":"ListItem","position":1,"name":"Accueil","item":"https:\/\/www.frehel.org\/sejourslinguistiques\/"},{"@type":"ListItem","position":2,"name":"French courses"}]},{"@type":"WebSite","@id":"https:\/\/www.frehel.org\/sejourslinguistiques\/#website","url":"https:\/\/www.frehel.org\/sejourslinguistiques\/","name":"Chez-Vlot Frans","description":"S\u00e9jours linguistiques immersifs en Bretagne","potentialAction":[{"@type":"SearchAction","target":{"@type":"EntryPoint","urlTemplate":"https:\/\/www.frehel.org\/sejourslinguistiques\/?s={search_term_string}"},"query-input":{"@type":"PropertyValueSpecification","valueRequired":true,"valueName":"search_term_string"}}],"inLanguage":"fr-FR"},{"@type":"Person","@id":"https:\/\/www.frehel.org\/sejourslinguistiques\/#\/schema\/person\/0f9ebe58b6d7e8eee563ad92ba0beb3c","name":"florence","image":{"@type":"ImageObject","inLanguage":"fr-FR","@id":"https:\/\/www.frehel.org\/sejourslinguistiques\/#\/schema\/person\/image\/","url":"https:\/\/secure.gravatar.com\/avatar\/5f6de443e5ed7c7401411e13310fbbd7d1ab2139ed6399ebeedc40eca7dea246?s=96&d=mm&r=g","contentUrl":"https:\/\/secure.gravatar.com\/avatar\/5f6de443e5ed7c7401411e13310fbbd7d1ab2139ed6399ebeedc40eca7dea246?s=96&d=mm&r=g","caption":"florence"},"url":"https:\/\/www.frehel.org\/sejourslinguistiques\/author\/florence\/"}]}},"_links":{"self":[{"href":"https:\/\/www.frehel.org\/sejourslinguistiques\/wp-json\/wp\/v2\/posts\/1647","targetHints":{"allow":["GET"]}}],"collection":[{"href":"https:\/\/www.frehel.org\/sejourslinguistiques\/wp-json\/wp\/v2\/posts"}],"about":[{"href":"https:\/\/www.frehel.org\/sejourslinguistiques\/wp-json\/wp\/v2\/types\/post"}],"author":[{"embeddable":true,"href":"https:\/\/www.frehel.org\/sejourslinguistiques\/wp-json\/wp\/v2\/users\/2"}],"replies":[{"embeddable":true,"href":"https:\/\/www.frehel.org\/sejourslinguistiques\/wp-json\/wp\/v2\/comments?post=1647"}],"version-history":[{"count":1,"href":"https:\/\/www.frehel.org\/sejourslinguistiques\/wp-json\/wp\/v2\/posts\/1647\/revisions"}],"predecessor-version":[{"id":1648,"href":"https:\/\/www.frehel.org\/sejourslinguistiques\/wp-json\/wp\/v2\/posts\/1647\/revisions\/1648"}],"wp:attachment":[{"href":"https:\/\/www.frehel.org\/sejourslinguistiques\/wp-json\/wp\/v2\/media?parent=1647"}],"wp:term":[{"taxonomy":"category","embeddable":true,"href":"https:\/\/www.frehel.org\/sejourslinguistiques\/wp-json\/wp\/v2\/categories?post=1647"},{"taxonomy":"post_tag","embeddable":true,"href":"https:\/\/www.frehel.org\/sejourslinguistiques\/wp-json\/wp\/v2\/tags?post=1647"}],"curies":[{"name":"wp","href":"https:\/\/api.w.org\/{rel}","templated":true}]}}